{"id":1948,"date":"2015-11-14T12:54:08","date_gmt":"2015-11-14T12:54:08","guid":{"rendered":"http:\/\/blogdemaruchiripoll.com\/?p=1948"},"modified":"2015-11-22T22:40:15","modified_gmt":"2015-11-22T22:40:15","slug":"maruchi-ripoll-vuelve-a-exponer-el-proximo-verano","status":"publish","type":"post","link":"http:\/\/blogdemaruchiripoll.com\/index.php\/maruchi-ripoll-vuelve-a-exponer-el-proximo-verano\/","title":{"rendered":"MARUCHI RIPOLL VUELVE A EXPONER  EL PR\u00d3XIMO VERANO"},"content":{"rendered":"<pre><em><strong>MARUCHI RIPOLL \u00a0firma contrato con el Hotel Estela para su pr\u00f3xima exposici\u00f3n que sera en verano del 2016\r\n\r\n<a href=\"http:\/\/blogdemaruchiripoll.com\/wp-content\/uploads\/2015\/11\/029_Firma_contrato_151122_H.-Estela.jpg\"><img decoding=\"async\" loading=\"lazy\" class=\"size-medium wp-image-1965 aligncenter\" src=\"http:\/\/blogdemaruchiripoll.com\/wp-content\/uploads\/2015\/11\/029_Firma_contrato_151122_H.-Estela-300x225.jpg\" alt=\"029_Firma_contrato_151122_H. Estela\" width=\"300\" height=\"225\" \/><\/a>\r\n<\/strong><\/em><\/pre>\n<p>La presente imagen da fe del contrato firmado por D. Francesc Castellv\u00ed, \u00a0representante del Hotel Estela y la Artista Maruchi Ripoll, \u00a0para sellar el compromiso mutuo de la \u00abExposici\u00f3n\u00bb cuya inauguraci\u00f3n tendr\u00e1 lugar el d\u00eda 9\u00a0de Julio (Viernes) del pr\u00f3ximo a\u00f1o.<\/p>\n<p>Dicha Exposici\u00f3n que se titular\u00e1 <em><strong>\u00abTODO GAUD\u00cd &#8230;&#8230;&#8230;.Y MAS\u00bb<\/strong><\/em>, reunir\u00e1 una colecci\u00f3n completa\u00a0de las mejores obras del insigne arquitecto, con el toque de arte pict\u00f3rico de la artista que mejor ha sabido comprender su Obra, <em><strong>Maruchi Ripoll<\/strong><\/em>. \u00a0Con el termino: \u00ab&#8230;..Y MAS\u00bb, da a entender que acompa\u00f1ar\u00e1n a la colecci\u00f3n, \u00a0algunos cuadros (del estilo propio de Maruchi) esmeradamente \u00a0elegidos para lograr un conjunto que deleite a\u00a0\u00a0todos los asistentes. \u00a0No faltar\u00e1 en este evento el cr\u00edtico de arte, que previsiblemente ser\u00e1 el prestigioso\u00a0\u00a0y admirado D. Jos\u00e9 M\u00aa Cadena.<\/p>\n<p>La inauguraci\u00f3n ser\u00e1 en pleno verano, pudiendo disfrutar como en anteriores ocasiones, \u00a0de una noche especial, con una cena selecta en la terraza del hotel, \u00a0temperatura suave y un pianista que contribuir\u00e1 a hacernos pasar una noche inolvidable.<\/p>\n","protected":false},"excerpt":{"rendered":"<p>MARUCHI RIPOLL \u00a0firma contrato con el Hotel Estela para su pr\u00f3xima exposici\u00f3n que sera en verano del 2016 La presente imagen da fe del contrato firmado por D. Francesc Castellv\u00ed, [&hellip;]<\/p>\n","protected":false},"author":1,"featured_media":0,"comment_status":"open","ping_status":"open","sticky":false,"template":"","format":"standard","meta":[],"categories":[3],"tags":[],"_links":{"self":[{"href":"http:\/\/blogdemaruchiripoll.com\/index.php\/wp-json\/wp\/v2\/posts\/1948"}],"collection":[{"href":"http:\/\/blogdemaruchiripoll.com\/index.php\/wp-json\/wp\/v2\/posts"}],"about":[{"href":"http:\/\/blogdemaruchiripoll.com\/index.php\/wp-json\/wp\/v2\/types\/post"}],"author":[{"embeddable":true,"href":"http:\/\/blogdemaruchiripoll.com\/index.php\/wp-json\/wp\/v2\/users\/1"}],"replies":[{"embeddable":true,"href":"http:\/\/blogdemaruchiripoll.com\/index.php\/wp-json\/wp\/v2\/comments?post=1948"}],"version-history":[{"count":7,"href":"http:\/\/blogdemaruchiripoll.com\/index.php\/wp-json\/wp\/v2\/posts\/1948\/revisions"}],"predecessor-version":[{"id":1966,"href":"http:\/\/blogdemaruchiripoll.com\/index.php\/wp-json\/wp\/v2\/posts\/1948\/revisions\/1966"}],"wp:attachment":[{"href":"http:\/\/blogdemaruchiripoll.com\/index.php\/wp-json\/wp\/v2\/media?parent=1948"}],"wp:term":[{"taxonomy":"category","embeddable":true,"href":"http:\/\/blogdemaruchiripoll.com\/index.php\/wp-json\/wp\/v2\/categories?post=1948"},{"taxonomy":"post_tag","embeddable":true,"href":"http:\/\/blogdemaruchiripoll.com\/index.php\/wp-json\/wp\/v2\/tags?post=1948"}],"curies":[{"name":"wp","href":"https:\/\/api.w.org\/{rel}","templated":true}]}}