{"id":1971,"date":"2016-07-13T17:12:11","date_gmt":"2016-07-13T17:12:11","guid":{"rendered":"http:\/\/blogdemaruchiripoll.com\/?p=1971"},"modified":"2016-07-26T14:48:35","modified_gmt":"2016-07-26T14:48:35","slug":"exposicion-gaudi-visto-por-maruchi-ripoll-este-proximo-viernes","status":"publish","type":"post","link":"http:\/\/blogdemaruchiripoll.com\/index.php\/exposicion-gaudi-visto-por-maruchi-ripoll-este-proximo-viernes\/","title":{"rendered":"Exposici\u00f3n \u00abGAUD\u00cd VISTO POR MARUCHI RIPOLL\u00bb este pr\u00f3ximo viernes"},"content":{"rendered":"<p><strong><em>EL\u00a0 CAT\u00c1LOGO<\/em><\/strong><\/p>\n<hr \/>\n<p style=\"text-align: justify; padding-left: 30px;\">Portada del \u00abCat\u00e1logo\u00bb dise\u00f1ado para esta \u00abExposici\u00f3n\u00bb, cuyo protagonista principal es la \u00abColecci\u00f3n Gaud\u00ed\u00bb, que ha conseguido aglutinar la artista Maruchi Ripoll.<\/p>\n<p style=\"text-align: justify; padding-left: 30px;\">Esta colecci\u00f3n se basa en las obras mas relevantes del insigne arquitecto, conocidas en su gran parte, aunque sorprender\u00e1n algunas menos conocidas, que la \u00abArtista\u00bb ha incorporado y tratado con su peculiar maestr\u00eda.\u00a0\u00a0De ah\u00ed este t\u00edtulo tan acorde con la realidad. \u00abGAUD\u00cd VISTO POR MARUCHI RIPOLL\u00bb.<\/p>\n<p style=\"text-align: center;\"><a href=\"http:\/\/blogdemaruchiripoll.com\/wp-content\/uploads\/2016\/07\/portada-catalogo-2016.jpg\"><img decoding=\"async\" loading=\"lazy\" class=\"alignnone size-medium wp-image-1976\" src=\"http:\/\/blogdemaruchiripoll.com\/wp-content\/uploads\/2016\/07\/portada-catalogo-2016-300x300.jpg\" alt=\"portada catalogo 2016.jpg\" width=\"300\" height=\"300\" srcset=\"http:\/\/blogdemaruchiripoll.com\/wp-content\/uploads\/2016\/07\/portada-catalogo-2016-300x300.jpg 300w, http:\/\/blogdemaruchiripoll.com\/wp-content\/uploads\/2016\/07\/portada-catalogo-2016-150x150.jpg 150w, http:\/\/blogdemaruchiripoll.com\/wp-content\/uploads\/2016\/07\/portada-catalogo-2016-768x768.jpg 768w, http:\/\/blogdemaruchiripoll.com\/wp-content\/uploads\/2016\/07\/portada-catalogo-2016-1024x1024.jpg 1024w, http:\/\/blogdemaruchiripoll.com\/wp-content\/uploads\/2016\/07\/portada-catalogo-2016-36x36.jpg 36w, http:\/\/blogdemaruchiripoll.com\/wp-content\/uploads\/2016\/07\/portada-catalogo-2016-115x115.jpg 115w\" sizes=\"(max-width: 300px) 100vw, 300px\" \/><\/a><\/p>\n<p style=\"text-align: justify;\"><em><strong>EL CR\u00cdTICO DE ARTE\u00a0 Y\u00a0 LA INVITADA DE HONOR<\/strong><\/em><\/p>\n<hr \/>\n<p style=\"text-align: justify; padding-left: 30px;\">Como en todas las exposiciones de \u00abMARUCHI\u00bb no puede faltar Jos\u00e9 M\u00aa Cadena, que tan bien conoce\u00a0las evoluciones de la \u00abArtista\u00bb y que ha dejado plasmadas para la historia. Nos dar\u00e1\u00a0sus impresiones en esta nueva faceta de \u00abPintura Arquitect\u00f3nica\u00bb.<\/p>\n<p style=\"text-align: justify; padding-left: 30px;\">Pero en esta ocasi\u00f3n, todos los presentes, seremos testigos de una visita sorprendente. El Hotel Estela,\u00a0nominado tambi\u00e9n\u00a0 \u00abEl Hotel del Arte\u00bb, recibir\u00e1 como invitada de honor a D\u00f1a. Mar\u00eda Teresa Gaud\u00ed Berez, familiar directo del insigne \u00abArquitecto y Presidenta de los Amigos de Gaud\u00ed, entre otros cargos.\u00a0\u00a0Expondr\u00e1 sus puntos de vista sobre el \u00abtoque\u00bb que ha realizado Maruchi en las obras del Genio.<\/p>\n<p style=\"text-align: justify;\"><em><strong>INVITACI\u00d3N DEL HOTEL ESTELA\u00a0 AL \u00abVERNISSAGE\u00bb Y OFERTA DE LA CENA CON LA \u00abARTISTA\u00bb<\/strong><\/em><\/p>\n<hr \/>\n<p style=\"text-align: justify; padding-left: 30px;\">Esta primera p\u00e1gina,\u00a0es una\u00a0invitaci\u00f3n\u00a0\u00a0del Hotel Estela a la \u00abExposici\u00f3n\u00bb, que tendr\u00e1 lugar en la fecha se\u00f1alada a las 20:00 horas. Tambi\u00e9n se\u00f1ala que durante el \u00abVernissage\u00bb tendr\u00e1 lugar un ligero aperitivo.<\/p>\n<p style=\"text-align: center;\"><a href=\"http:\/\/blogdemaruchiripoll.com\/wp-content\/uploads\/2016\/07\/Prox.-Exp.-H.-Estela_2016_Inauguraci\u00f3n_y_Men\u00fa-1.jpg\"><img decoding=\"async\" loading=\"lazy\" class=\"alignnone size-medium wp-image-1977\" src=\"http:\/\/blogdemaruchiripoll.com\/wp-content\/uploads\/2016\/07\/Prox.-Exp.-H.-Estela_2016_Inauguraci\u00f3n_y_Men\u00fa-1-300x300.jpg\" alt=\"Prox. Exp. H. Estela_2016_Inauguraci\u00f3n_y_Men\u00fa-1\" width=\"300\" height=\"300\" srcset=\"http:\/\/blogdemaruchiripoll.com\/wp-content\/uploads\/2016\/07\/Prox.-Exp.-H.-Estela_2016_Inauguraci\u00f3n_y_Men\u00fa-1-300x300.jpg 300w, http:\/\/blogdemaruchiripoll.com\/wp-content\/uploads\/2016\/07\/Prox.-Exp.-H.-Estela_2016_Inauguraci\u00f3n_y_Men\u00fa-1-150x150.jpg 150w, http:\/\/blogdemaruchiripoll.com\/wp-content\/uploads\/2016\/07\/Prox.-Exp.-H.-Estela_2016_Inauguraci\u00f3n_y_Men\u00fa-1-768x768.jpg 768w, http:\/\/blogdemaruchiripoll.com\/wp-content\/uploads\/2016\/07\/Prox.-Exp.-H.-Estela_2016_Inauguraci\u00f3n_y_Men\u00fa-1-1024x1024.jpg 1024w, http:\/\/blogdemaruchiripoll.com\/wp-content\/uploads\/2016\/07\/Prox.-Exp.-H.-Estela_2016_Inauguraci\u00f3n_y_Men\u00fa-1-36x36.jpg 36w, http:\/\/blogdemaruchiripoll.com\/wp-content\/uploads\/2016\/07\/Prox.-Exp.-H.-Estela_2016_Inauguraci\u00f3n_y_Men\u00fa-1-115x115.jpg 115w\" sizes=\"(max-width: 300px) 100vw, 300px\" \/><\/a><\/p>\n<p style=\"text-align: justify; padding-left: 30px;\">En esta segunda,\u00a0se detalla el \u00abMen\u00fa\u00bb, con indicaci\u00f3n del precio.\u00a0Tambi\u00e9n se oferta el precio de una habitaci\u00f3n tipo, para los que deseen pernoctar en el Hotel.<\/p>\n<p style=\"text-align: center;\"><a href=\"http:\/\/blogdemaruchiripoll.com\/wp-content\/uploads\/2016\/07\/Prox.-Exp.-H.-Estela_2016_Inauguraci\u00f3n_y_Men\u00fa-2.jpg\"><img decoding=\"async\" loading=\"lazy\" class=\"alignnone size-medium wp-image-1978\" src=\"http:\/\/blogdemaruchiripoll.com\/wp-content\/uploads\/2016\/07\/Prox.-Exp.-H.-Estela_2016_Inauguraci\u00f3n_y_Men\u00fa-2-300x300.jpg\" alt=\"Prox. Exp. H. Estela_2016_Inauguraci\u00f3n_y_Men\u00fa-2\" width=\"300\" height=\"300\" srcset=\"http:\/\/blogdemaruchiripoll.com\/wp-content\/uploads\/2016\/07\/Prox.-Exp.-H.-Estela_2016_Inauguraci\u00f3n_y_Men\u00fa-2-300x300.jpg 300w, http:\/\/blogdemaruchiripoll.com\/wp-content\/uploads\/2016\/07\/Prox.-Exp.-H.-Estela_2016_Inauguraci\u00f3n_y_Men\u00fa-2-150x150.jpg 150w, http:\/\/blogdemaruchiripoll.com\/wp-content\/uploads\/2016\/07\/Prox.-Exp.-H.-Estela_2016_Inauguraci\u00f3n_y_Men\u00fa-2-768x768.jpg 768w, http:\/\/blogdemaruchiripoll.com\/wp-content\/uploads\/2016\/07\/Prox.-Exp.-H.-Estela_2016_Inauguraci\u00f3n_y_Men\u00fa-2-1024x1024.jpg 1024w, http:\/\/blogdemaruchiripoll.com\/wp-content\/uploads\/2016\/07\/Prox.-Exp.-H.-Estela_2016_Inauguraci\u00f3n_y_Men\u00fa-2-36x36.jpg 36w, http:\/\/blogdemaruchiripoll.com\/wp-content\/uploads\/2016\/07\/Prox.-Exp.-H.-Estela_2016_Inauguraci\u00f3n_y_Men\u00fa-2-115x115.jpg 115w\" sizes=\"(max-width: 300px) 100vw, 300px\" \/><\/a><\/p>\n<h4 style=\"text-align: justify;\"><b><i>NOCHE\u00a0 PARA\u00a0 RECORDAR<\/i><\/b><\/h4>\n<hr \/>\n<p style=\"text-align: justify;\">Hay que hacer dos consideraciones en este aspecto:<\/p>\n<p style=\"text-align: justify; padding-left: 30px;\">a)\u00a0La \u00abInauguraci\u00f3n\u00bb\u00a0con el Vernissage, que en est\u00e1 ocasi\u00f3n promete ser muy interesante, porque permitir\u00e1 ver al completo la \u00abColecci\u00f3n Gaud\u00ed\u00bb complementada con las parlamentaciones de las dos personas anteriormente indicadas.<\/p>\n<p style=\"text-align: justify; padding-left: 30px;\">b) Tener una\u00a0\u00a0cena deliciosa en la terraza del hotel, con una\u00a0agradable\u00a0 temperatura suavizada por la brisa del mar que queda a la vista. Se sortear\u00e1 una acuarela donada por la \u00abArtista\u00bb, entre el p\u00fablico asistente;\u00a0y\u00a0a\u00a0esto\u00a0 hay\u00a0 que\u00a0 a\u00f1adirle, que todas las se\u00f1oras ser\u00e1n obsequiadas con una medallita chapada en oro con un motivo de \u00abGaud\u00ed\u00bb. (Se\u00a0presume que ser\u00e1 el c\u00e9lebre \u00abDrag\u00f3n\u00bb del Parque G\u00fcell).<\/p>\n","protected":false},"excerpt":{"rendered":"<p>EL\u00a0 CAT\u00c1LOGO Portada del \u00abCat\u00e1logo\u00bb dise\u00f1ado para esta \u00abExposici\u00f3n\u00bb, cuyo protagonista principal es la \u00abColecci\u00f3n Gaud\u00ed\u00bb, que ha conseguido aglutinar la artista Maruchi Ripoll. Esta colecci\u00f3n se basa en las [&hellip;]<\/p>\n","protected":false},"author":1,"featured_media":0,"comment_status":"open","ping_status":"open","sticky":false,"template":"","format":"standard","meta":[],"categories":[3],"tags":[50],"_links":{"self":[{"href":"http:\/\/blogdemaruchiripoll.com\/index.php\/wp-json\/wp\/v2\/posts\/1971"}],"collection":[{"href":"http:\/\/blogdemaruchiripoll.com\/index.php\/wp-json\/wp\/v2\/posts"}],"about":[{"href":"http:\/\/blogdemaruchiripoll.com\/index.php\/wp-json\/wp\/v2\/types\/post"}],"author":[{"embeddable":true,"href":"http:\/\/blogdemaruchiripoll.com\/index.php\/wp-json\/wp\/v2\/users\/1"}],"replies":[{"embeddable":true,"href":"http:\/\/blogdemaruchiripoll.com\/index.php\/wp-json\/wp\/v2\/comments?post=1971"}],"version-history":[{"count":6,"href":"http:\/\/blogdemaruchiripoll.com\/index.php\/wp-json\/wp\/v2\/posts\/1971\/revisions"}],"predecessor-version":[{"id":1984,"href":"http:\/\/blogdemaruchiripoll.com\/index.php\/wp-json\/wp\/v2\/posts\/1971\/revisions\/1984"}],"wp:attachment":[{"href":"http:\/\/blogdemaruchiripoll.com\/index.php\/wp-json\/wp\/v2\/media?parent=1971"}],"wp:term":[{"taxonomy":"category","embeddable":true,"href":"http:\/\/blogdemaruchiripoll.com\/index.php\/wp-json\/wp\/v2\/categories?post=1971"},{"taxonomy":"post_tag","embeddable":true,"href":"http:\/\/blogdemaruchiripoll.com\/index.php\/wp-json\/wp\/v2\/tags?post=1971"}],"curies":[{"name":"wp","href":"https:\/\/api.w.org\/{rel}","templated":true}]}}