{"id":27,"date":"2014-02-07T19:49:03","date_gmt":"2014-02-07T19:49:03","guid":{"rendered":"http:\/\/blogdemaruchiripoll.com\/?p=27"},"modified":"2015-05-13T16:32:34","modified_gmt":"2015-05-13T16:32:34","slug":"por-fin-el-estilo-globalista-se-ha-convertido-en-escuela","status":"publish","type":"post","link":"http:\/\/blogdemaruchiripoll.com\/index.php\/por-fin-el-estilo-globalista-se-ha-convertido-en-escuela\/","title":{"rendered":"Maruchi Ripoll  se pronuncia: \u00abYa es un hecho.  El Estilo Globalista\u00bb se ha convertido en -Escuela-\u00ab"},"content":{"rendered":"<h3><\/h3>\n<p><span style=\"text-decoration: underline;\">Antecedentes<\/span><\/p>\n<p style=\"text-align: justify;\">Desde el momento\u00a0 en que la \u00abArtista\u00bb expuso en Andorra, en 1995, el cr\u00edtico m\u00e1s prestigioso de Andorra, Alberto Llah\u00ed, en base a los cuadros presentados en dicha exposici\u00f3n, descubre y da nombre al estilo observado, utilizando por primera vez para calificarlo, la palabra \u00abGlobalista\u00bb, que posteriormente fu\u00e9 patentada.<\/p>\n<p>En lo sucesivo, el nuevo estilo va calando hondo y los cr\u00edticos comienzan\u00a0 tambi\u00e9n a resaltarlo como un estilo nuevo, que al compendiar varios estilos en uno, d\u00e1 libertad de formas en plasmar al lienzo las propias inquietudes del pintor.<\/p>\n<p style=\"text-align: justify;\">Sus seguidores con voluntad de pintar o ya iniciados, ven en dicho estilo una oportunidad de iniciarse los primeros,\u00a0 o bien darle un toque de calidad a su \u00abpintura\u00bb, los ya iniciados. Ellos han sido los que han impulsado,\u00a0 que Maruchi Ripoll pensara en que su innovaci\u00f3n en la historia de la pintura, fuera m\u00e1s que un \u00abestilo\u00bb. El objetivo a partir de este momento, era crear una Escuela.<\/p>\n<p style=\"text-align: justify;\">La \u00abFunda\u00e7i\u00f3 Universitaria Mart\u00ed l&#8217;Hum\u00e1\u00bb, con el aval del C\u00edrculo Art\u00edstico de Barcelona, con sede en la Garriga, conocida por su aportaci\u00f3n a la cultura, promoviendo cursos anuales, se interes\u00f3 por llevar adelante dicho objetivo, llegando a un acuerdo con la \u00abArtista\u00bb y definiendo para finales del ppdo. a\u00f1o, el primer curso\u00a0 de lo que ya pasa a ser \u00abLa Escuela Globalista\u00bb.<\/p>\n<p style=\"text-align: justify;\">A t\u00edtulo de an\u00e9cdota, este primer curso de \u00abpintura Globalista\u00bb (de ense\u00f1anza te\u00f3rica en cuanto a los estilos que conforman el \u00abGlobalismo\u00bb y de taller de pintura, impartido por la propia \u00abArtista\u00bb) se realiz\u00f3 en el emblem\u00e1tico edificio: \u00abCan Ramos\u00bb, de la Garriga, sede habitual de los cursos de dicha \u00abFundaci\u00f3n\u00bb.<\/p>\n<p style=\"text-align: justify;\">El mismo ha conclu\u00eddo este ppdo. Enero, otorg\u00e1ndose los diplomas de acreditaci\u00f3n a los\/as alumnos\/as asistentes.<\/p>\n<p>&nbsp;<\/p>\n<p><span style=\"text-decoration: underline;\">VerCertificado:<\/span><\/p>\n<p style=\"text-align: center;\"><a href=\" http:\/\/blogdemaruchiripoll.com\/wp-content\/uploads\/2014\/02\/escanear0001.jpg\"><img decoding=\"async\" loading=\"lazy\" class=\"alignnone  wp-image-68\" src=\" http:\/\/blogdemaruchiripoll.com\/wp-content\/uploads\/2014\/02\/escanear0001-234x300.jpg\" alt=\"escanear0001\" width=\"234\" height=\"300\" srcset=\"http:\/\/blogdemaruchiripoll.com\/wp-content\/uploads\/2014\/02\/escanear0001-234x300.jpg 234w, http:\/\/blogdemaruchiripoll.com\/wp-content\/uploads\/2014\/02\/escanear0001-800x1024.jpg 800w, http:\/\/blogdemaruchiripoll.com\/wp-content\/uploads\/2014\/02\/escanear0001.jpg 2004w\" sizes=\"(max-width: 234px) 100vw, 234px\" \/><\/a><\/p>\n<p style=\"text-align: justify;\">El modelo de diploma mostrado es a t\u00edtulo de ejemplo.\u00a0 Se otorgaron a cada una de las cinco alumnas matriculadas a la finalizaci\u00f3n del \u00abcurso\u00bb.<\/p>\n<p style=\"text-align: justify;\"><span style=\"text-decoration: underline;\"><em><strong>Comentario de las im\u00e1genes que se muestran a continuaci\u00f3n:<\/strong><\/em><\/span><\/p>\n<p style=\"text-align: justify;\">En la primera y segunda fila de fotos, Maruchi Ripoll instruye a sus alumnas, \u00a0de como deben ser los trazos de pintura, retocando detalles para perfeccionar los cuadros en elaboraci\u00f3n.<\/p>\n<p style=\"text-align: justify;\">En la tercera,\u00a0 cuarta y quinta,\u00a0 alumnas por separado y el \u00abgrupo\u00bb (a falta de Pilar Mu\u00f1oz, \u00a0que estuvo indispuesta el d\u00eda de la \u00abentrega\u00bb) muestran sus diplomas junto a la \u00abArtista\u00bb.<\/p>\n<p style=\"text-align: justify;\">En la sexta,\u00a0 el \u00abgrupo\u00bb, muestra el trabajo desarrollado en el \u00abcurso\u00bb, bajo la tutela de las profesoras: Ana \u00a0Gonzalez (te\u00f3rica) y\u00a0 Maruchi Ripoll (taller \u00a0de pintura).<\/p>\n<p style=\"text-align: justify;\">Finalmente, en la s\u00e9ptima fila, la alumna Pilar Mu\u00f1oz, que por estar enferma no pudo adherirse al \u00abgrupo\u00bb, muestra en fotos alternas, su \u00abdiploma\u00bb y sus dos cuadros casi terminados.<\/p>\n<p><a href=\" http:\/\/blogdemaruchiripoll.com\/wp-content\/uploads\/2014\/02\/ATG_0039.jpg\"><img decoding=\"async\" loading=\"lazy\" class=\"alignnone  wp-image-78\" title=\"MARUCHI RIPOLL, CORRIGIENDO A LA ALUMNA  JOAQUIMA GOL\" src=\" http:\/\/blogdemaruchiripoll.com\/wp-content\/uploads\/2014\/02\/ATG_0039-300x224.jpg\" alt=\"ATG_0039\" width=\"285\" height=\"210\" \/> \u00a0<\/a> <a href=\" http:\/\/blogdemaruchiripoll.com\/wp-content\/uploads\/2014\/02\/ATG_0044.jpg\"><img decoding=\"async\" loading=\"lazy\" class=\"alignnone  wp-image-79\" title=\"MARUCHI RIPOLL, CORRIGIENDO A LA ALUMNA  SILVIA CAROL\" src=\" http:\/\/blogdemaruchiripoll.com\/wp-content\/uploads\/2014\/02\/ATG_0044-300x224.jpg\" alt=\"ATG_0044\" width=\"285\" height=\"210\" \/>\u00a0<\/a> <a href=\" http:\/\/blogdemaruchiripoll.com\/wp-content\/uploads\/2014\/02\/ATG_00191.jpg\"><img decoding=\"async\" loading=\"lazy\" class=\"alignnone  wp-image-1359\" title=\"MARUCHI RIPOLL, DEFINIENDO LAS FORMAS DE REALIZACI\u00d3N DE UN CUADRO\" src=\" http:\/\/blogdemaruchiripoll.com\/wp-content\/uploads\/2014\/02\/ATG_00191-300x225.jpg\" alt=\"ATG_0019\" width=\"285\" height=\"210\" \/>\u00a0\u00a0 <\/a><a href=\" http:\/\/blogdemaruchiripoll.com\/wp-content\/uploads\/2014\/02\/ATG_00382.jpg\"><img decoding=\"async\" loading=\"lazy\" class=\"alignnone  wp-image-1361\" title=\"LA PROFESORA DE TE\u00d3RICA, ANA GONZALEZ,  DEPARTE CON LAS ALUMNAS\" src=\" http:\/\/blogdemaruchiripoll.com\/wp-content\/uploads\/2014\/02\/ATG_00382-300x225.jpg\" alt=\"ATG_0038\" width=\"285\" height=\"210\" \/><\/a><\/p>\n<p><a href=\" http:\/\/blogdemaruchiripoll.com\/wp-content\/uploads\/2014\/02\/ATG_00591.jpg\"><img decoding=\"async\" loading=\"lazy\" class=\"alignnone  wp-image-1529\" src=\" http:\/\/blogdemaruchiripoll.com\/wp-content\/uploads\/2014\/02\/ATG_00591-300x221.jpg\" alt=\"ATG_0059\" width=\"285\" height=\"210\" srcset=\"http:\/\/blogdemaruchiripoll.com\/wp-content\/uploads\/2014\/02\/ATG_00591-300x221.jpg 300w, http:\/\/blogdemaruchiripoll.com\/wp-content\/uploads\/2014\/02\/ATG_00591-1024x757.jpg 1024w, http:\/\/blogdemaruchiripoll.com\/wp-content\/uploads\/2014\/02\/ATG_00591.jpg 1809w\" sizes=\"(max-width: 285px) 100vw, 285px\" \/><\/a>\u00a0\u00a0\u00a0<a href=\" http:\/\/blogdemaruchiripoll.com\/wp-content\/uploads\/2014\/02\/ATG_00601.jpg\"><img decoding=\"async\" loading=\"lazy\" class=\"alignnone  wp-image-1531\" src=\" http:\/\/blogdemaruchiripoll.com\/wp-content\/uploads\/2014\/02\/ATG_00601-300x216.jpg\" alt=\"ATG_0060\" width=\"285\" height=\"210\" \/><\/a>\u00a0<a href=\" http:\/\/blogdemaruchiripoll.com\/wp-content\/uploads\/2014\/02\/ATG_005821.jpg\"><img decoding=\"async\" loading=\"lazy\" class=\"alignnone  wp-image-1533\" src=\" http:\/\/blogdemaruchiripoll.com\/wp-content\/uploads\/2014\/02\/ATG_005821-300x214.jpg\" alt=\"ATG_00582\" width=\"285\" height=\"210\" \/><\/a> \u00a0\u00a0<a href=\" http:\/\/blogdemaruchiripoll.com\/wp-content\/uploads\/2014\/02\/ATG_00611.jpg\"><img decoding=\"async\" loading=\"lazy\" class=\"alignnone  wp-image-1535\" src=\" http:\/\/blogdemaruchiripoll.com\/wp-content\/uploads\/2014\/02\/ATG_00611-300x220.jpg\" alt=\"ATG_0061\" width=\"285\" height=\"210\" srcset=\"http:\/\/blogdemaruchiripoll.com\/wp-content\/uploads\/2014\/02\/ATG_00611-300x220.jpg 300w, http:\/\/blogdemaruchiripoll.com\/wp-content\/uploads\/2014\/02\/ATG_00611-1024x751.jpg 1024w\" sizes=\"(max-width: 285px) 100vw, 285px\" \/><\/a> <a href=\" http:\/\/blogdemaruchiripoll.com\/wp-content\/uploads\/2014\/02\/ATG_0062.jpg\"><img decoding=\"async\" loading=\"lazy\" class=\"alignnone  wp-image-85\" title=\"GRUPO DE ALUMNAS, JUNTO A MARUCHI RIPOLL, MUESTRAN SUS DIPLOMAS\" src=\" http:\/\/blogdemaruchiripoll.com\/wp-content\/uploads\/2014\/02\/ATG_0062-300x224.jpg\" alt=\"ATG_0062\" width=\"285\" height=\"210\" \/><\/a>\u00a0\u00a0\u00a0 <a href=\" http:\/\/blogdemaruchiripoll.com\/wp-content\/uploads\/2014\/02\/ATG_0065.jpg\"><img decoding=\"async\" loading=\"lazy\" class=\"alignnone  wp-image-86\" title=\"GRUPO DE ALUMNAS, CON SUS PROFESORAS, MUESTRAN SUS DIPLOMAS\" src=\" http:\/\/blogdemaruchiripoll.com\/wp-content\/uploads\/2014\/02\/ATG_0065-300x225.jpg\" alt=\"ATG_0065\" width=\"285\" height=\"210\" \/> <\/a><a href=\" http:\/\/blogdemaruchiripoll.com\/wp-content\/uploads\/2014\/02\/ATG_0066.jpg\"><img decoding=\"async\" loading=\"lazy\" class=\"wp-image-87 alignnone\" title=\"GRUPO DE ALUMNAS, CON SUS PROFESORAS, ENSE\u00d1AN EL TRABAJO REALIZADO\" src=\" http:\/\/blogdemaruchiripoll.com\/wp-content\/uploads\/2014\/02\/ATG_0066-300x223.jpg\" alt=\"ATG_0066\" width=\"285\" height=\"210\" \/><\/a>\u00a0\u00a0 <a href=\" http:\/\/blogdemaruchiripoll.com\/wp-content\/uploads\/2014\/02\/ATG_00681.jpg\"><img decoding=\"async\" loading=\"lazy\" class=\"alignnone  wp-image-88\" title=\"OTRA IMAGEN, ENSE\u00d1ANDO EL TRABAJO REALIZADO\" src=\" http:\/\/blogdemaruchiripoll.com\/wp-content\/uploads\/2014\/02\/ATG_00681-300x224.jpg\" alt=\"ATG_0068\" width=\"285\" height=\"210\" \/> <\/a><a href=\" http:\/\/blogdemaruchiripoll.com\/wp-content\/uploads\/2014\/02\/ATG_0070.jpg\"><img decoding=\"async\" loading=\"lazy\" class=\"alignnone  wp-image-89\" title=\"LA ALUMNA PILAR MU\u00d1OZ, JUNTO CON MARUCHI RIPOLL, MUESTRA EL &quot;DIPLOMA&quot;\" src=\" http:\/\/blogdemaruchiripoll.com\/wp-content\/uploads\/2014\/02\/ATG_0070-300x225.jpg\" alt=\"ATG_0070\" width=\"285\" height=\"210\" \/><\/a>\u00a0\u00a0 <a href=\" http:\/\/blogdemaruchiripoll.com\/wp-content\/uploads\/2014\/02\/ATG_00731.jpg\"><img decoding=\"async\" loading=\"lazy\" class=\"alignnone  wp-image-90\" title=\"PILAR MU\u00d1OZ, MUESTRA TAMBI\u00c9N LOS DOS CUADROS REALIZADOS EN EL &quot;CURSO&quot;\" src=\" http:\/\/blogdemaruchiripoll.com\/wp-content\/uploads\/2014\/02\/ATG_00731-300x224.jpg\" alt=\"ATG_0073\" width=\"285\" height=\"210\" \/> <\/a><\/p>\n<p>&nbsp;<\/p>\n<p><em><strong><span style=\"text-decoration: underline;\">El peri\u00f3dico de la Garriga, \u00abel nou\u00bb, d\u00e1 informaci\u00f3n del \u00abCurso Globalista\u00bb<\/span><br \/>\n<\/strong><\/em><\/p>\n<p style=\"text-align: justify;\">A continuaci\u00f3n presentamos un recorte de\u00a0 peri\u00f3dico con la imagen de las alumnas mostrando sus trabajos a final de curso. El perodico local tuvo contacto con la \u00abArtista desde el primer momento de su llegada a la localidad.<\/p>\n<p style=\"text-align: justify;\">Tampoco\u00a0 pas\u00f3 desapercibida la im\u00e1gen de Maruchi Ripoll para la propia Alcaldesa, dado que en el momento oportuno,\u00a0 la invit\u00f3 al \u00abTaller de Pintura Municipal\u00bb,\u00a0 para que diera unas ense\u00f1anzas pr\u00e1cticas\u00a0 del nuevo estilo \u00abGlobalista\u00bb,\u00a0 a las alumnas asistentas.<\/p>\n<div id=\"attachment_1544\" style=\"width: 310px\" class=\"wp-caption aligncenter\"><a href=\" http:\/\/blogdemaruchiripoll.com\/wp-content\/uploads\/2014\/02\/DIARI-EL-NOU-DE-LA-GARRIGA.jpg\"><img aria-describedby=\"caption-attachment-1544\" decoding=\"async\" loading=\"lazy\" class=\"size-medium wp-image-1544\" title=\"AL FINAL DEL PRIMER CURSO DE LA ESCUELA GLOBALISTA, LAS ALUMNAS MUESTRAN SUS TRABAJOS REALIZADOS\" src=\" http:\/\/blogdemaruchiripoll.com\/wp-content\/uploads\/2014\/02\/DIARI-EL-NOU-DE-LA-GARRIGA-300x180.jpg\" alt=\"DIARI EL NOU DE LA GARRIGA\" width=\"300\" height=\"180\" srcset=\"http:\/\/blogdemaruchiripoll.com\/wp-content\/uploads\/2014\/02\/DIARI-EL-NOU-DE-LA-GARRIGA-300x180.jpg 300w, http:\/\/blogdemaruchiripoll.com\/wp-content\/uploads\/2014\/02\/DIARI-EL-NOU-DE-LA-GARRIGA-1024x617.jpg 1024w\" sizes=\"(max-width: 300px) 100vw, 300px\" \/><\/a><p id=\"caption-attachment-1544\" class=\"wp-caption-text\">alumnas de la escuela globalista, muestran sus trabajos a final de curso<\/p><\/div>\n","protected":false},"excerpt":{"rendered":"<p>Antecedentes Desde el momento\u00a0 en que la \u00abArtista\u00bb expuso en Andorra, en 1995, el cr\u00edtico m\u00e1s prestigioso de Andorra, Alberto Llah\u00ed, en base a los cuadros presentados en dicha exposici\u00f3n, [&hellip;]<\/p>\n","protected":false},"author":1,"featured_media":0,"comment_status":"open","ping_status":"open","sticky":false,"template":"","format":"standard","meta":[],"categories":[47],"tags":[24,25,22,49,26,16,27],"_links":{"self":[{"href":"http:\/\/blogdemaruchiripoll.com\/index.php\/wp-json\/wp\/v2\/posts\/27"}],"collection":[{"href":"http:\/\/blogdemaruchiripoll.com\/index.php\/wp-json\/wp\/v2\/posts"}],"about":[{"href":"http:\/\/blogdemaruchiripoll.com\/index.php\/wp-json\/wp\/v2\/types\/post"}],"author":[{"embeddable":true,"href":"http:\/\/blogdemaruchiripoll.com\/index.php\/wp-json\/wp\/v2\/users\/1"}],"replies":[{"embeddable":true,"href":"http:\/\/blogdemaruchiripoll.com\/index.php\/wp-json\/wp\/v2\/comments?post=27"}],"version-history":[{"count":108,"href":"http:\/\/blogdemaruchiripoll.com\/index.php\/wp-json\/wp\/v2\/posts\/27\/revisions"}],"predecessor-version":[{"id":35,"href":"http:\/\/blogdemaruchiripoll.com\/index.php\/wp-json\/wp\/v2\/posts\/27\/revisions\/35"}],"wp:attachment":[{"href":"http:\/\/blogdemaruchiripoll.com\/index.php\/wp-json\/wp\/v2\/media?parent=27"}],"wp:term":[{"taxonomy":"category","embeddable":true,"href":"http:\/\/blogdemaruchiripoll.com\/index.php\/wp-json\/wp\/v2\/categories?post=27"},{"taxonomy":"post_tag","embeddable":true,"href":"http:\/\/blogdemaruchiripoll.com\/index.php\/wp-json\/wp\/v2\/tags?post=27"}],"curies":[{"name":"wp","href":"https:\/\/api.w.org\/{rel}","templated":true}]}}